{"id":5834,"date":"2025-01-13T08:40:16","date_gmt":"2025-01-13T07:40:16","guid":{"rendered":"https:\/\/agencecommunication360.com\/?p=5834"},"modified":"2025-01-13T08:40:20","modified_gmt":"2025-01-13T07:40:20","slug":"se-demarquer-avec-une-identite-visuelle-forte-en-2025-les-cles-du-succes","status":"publish","type":"post","link":"https:\/\/agencecommunication360.com\/index.php\/2025\/01\/13\/se-demarquer-avec-une-identite-visuelle-forte-en-2025-les-cles-du-succes\/","title":{"rendered":"Se d\u00e9marquer avec une identit\u00e9 visuelle forte en 2025 : les cl\u00e9s du succ\u00e8s"},"content":{"rendered":"\n<p>En 2025, l\u2019identit\u00e9 visuelle des marques joue un r\u00f4le plus strat\u00e9gique que jamais. Avec la mont\u00e9e en puissance des contenus digitaux, l\u2019attention des consommateurs devient une ressource rare et pr\u00e9cieuse. Face \u00e0 cet enjeu, les marques doivent imp\u00e9rativement se d\u00e9marquer en adoptant une identit\u00e9 visuelle forte, coh\u00e9rente et surtout, m\u00e9morable. Mais comment construire une image qui capte l\u2019attention tout en restant fid\u00e8le \u00e0 ses valeurs et \u00e0 son message ? Voici quelques pistes \u00e0 explorer pour r\u00e9ussir en 2025.<\/p>\n\n\n\n<h4 class=\"wp-block-heading\">Pourquoi l\u2019identit\u00e9 visuelle est-elle devenue primordiale ?<\/h4>\n\n\n\n<ol class=\"wp-block-list\">\n<li><strong>Une concurrence accrue sur tous les canaux<\/strong><br>Les r\u00e9seaux sociaux, les sites internet, les campagnes publicitaires\u2026 La pr\u00e9sence des marques sur ces canaux a explos\u00e9. Une identit\u00e9 visuelle forte permet de ressortir imm\u00e9diatement dans ce flot constant de contenu.<\/li>\n\n\n\n<li><strong>Un besoin d\u2019uniformit\u00e9 \u00e0 l\u2019\u00e9chelle digitale et physique<\/strong><br>Entre le digital et le physique, les points de contact avec une marque se multiplient. Un consommateur peut voir une publicit\u00e9 en ligne, visiter un site web et se rendre ensuite dans une boutique. L\u2019identit\u00e9 visuelle doit donc \u00eatre coh\u00e9rente sur l\u2019ensemble de ces canaux pour cr\u00e9er une exp\u00e9rience homog\u00e8ne.<\/li>\n\n\n\n<li><strong>La m\u00e9morisation comme levier d\u2019engagement<\/strong><br>Une identit\u00e9 visuelle impactante augmente la m\u00e9morisation de la marque. Les couleurs, le logo, la typographie et les \u00e9l\u00e9ments graphiques jouent un r\u00f4le cl\u00e9 dans l\u2019attachement \u00e9motionnel que peut d\u00e9velopper un client.<\/li>\n<\/ol>\n\n\n\n<h4 class=\"wp-block-heading\">Les tendances \u00e0 suivre en 2025<\/h4>\n\n\n\n<ol class=\"wp-block-list\">\n<li><strong>Minimalisme expressif<\/strong><br>Si le minimalisme reste une tendance forte, il \u00e9volue vers une approche plus expressive. Il ne s\u2019agit plus de supprimer les d\u00e9tails \u00e0 tout prix, mais de conserver uniquement les \u00e9l\u00e9ments qui refl\u00e8tent l\u2019essence de la marque. R\u00e9sultat : des logos \u00e9pur\u00e9s mais impactants, des palettes de couleurs audacieuses et des typographies personnalis\u00e9es.<\/li>\n\n\n\n<li><strong>Illustrations sur mesure<\/strong><br>L\u2019uniformisation des visuels via les banques d\u2019images a cr\u00e9\u00e9 une lassitude chez les consommateurs. En r\u00e9ponse, les marques investissent dans des <strong>illustrations sur mesure<\/strong>, des animations originales et des visuels dessin\u00e9s \u00e0 la main pour offrir une signature unique.<\/li>\n\n\n\n<li><strong>Typographies dynamiques<\/strong><br>La typographie n\u2019est plus simplement un support de texte, elle devient un \u00e9l\u00e9ment graphique \u00e0 part enti\u00e8re. En 2025, les marques adoptent des polices personnalis\u00e9es et jouent avec des effets dynamiques, notamment sur le web, pour capter l\u2019attention et renforcer leur identit\u00e9.<\/li>\n\n\n\n<li><strong>Couleurs audacieuses et contrastes forts<\/strong><br>Alors que le design monochrome dominait ces derni\u00e8res ann\u00e9es, la tendance actuelle est aux palettes de couleurs riches et contrast\u00e9es. Les marques n\u2019h\u00e9sitent pas \u00e0 utiliser des tons vifs, des d\u00e9grad\u00e9s \u00e9clatants et des combinaisons inattendues pour attirer le regard.<\/li>\n\n\n\n<li><strong>Logos \u00e9volutifs<\/strong><br>De plus en plus de marques adoptent des <strong>logos modulaires<\/strong>, capables de s\u2019adapter aux diff\u00e9rents supports tout en restant reconnaissables. Ce type de logo peut varier l\u00e9g\u00e8rement selon les contextes d\u2019utilisation, offrant une flexibilit\u00e9 sans nuire \u00e0 la coh\u00e9rence de la marque.<\/li>\n<\/ol>\n\n\n\n<h4 class=\"wp-block-heading\">Comment construire une identit\u00e9 visuelle forte en 2025 <\/h4>\n\n\n\n<ol class=\"wp-block-list\">\n<li><strong>D\u00e9finir son positionnement avant tout<\/strong><br>Une identit\u00e9 visuelle ne doit pas \u00eatre cr\u00e9\u00e9e en fonction des tendances, mais bien en coh\u00e9rence avec le positionnement de la marque. Avant de choisir des couleurs ou de dessiner un logo, il est essentiel de clarifier les valeurs, la mission et la personnalit\u00e9 de la marque.<\/li>\n\n\n\n<li><strong>Cr\u00e9er un univers graphique complet<\/strong><br>Un logo seul ne suffit plus. En 2025, les marques doivent construire un v\u00e9ritable <strong>univers graphique<\/strong>, comprenant une palette de couleurs, des typographies, des motifs, des ic\u00f4nes et des guidelines pr\u00e9cises pour garantir la coh\u00e9rence sur tous les supports.<\/li>\n\n\n\n<li><strong>Penser \u00e0 l\u2019exp\u00e9rience utilisateur<\/strong><br>L\u2019identit\u00e9 visuelle doit non seulement \u00eatre belle, mais aussi fonctionnelle. Sur le web, par exemple, une palette de couleurs mal choisie peut rendre la lecture difficile. Une bonne identit\u00e9 visuelle doit toujours privil\u00e9gier la clart\u00e9 et l\u2019exp\u00e9rience utilisateur.<\/li>\n\n\n\n<li><strong>\u00catre coh\u00e9rent sur tous les supports<\/strong><br>Qu\u2019il s\u2019agisse d\u2019un flyer, d\u2019un site web ou d\u2019un post sur les r\u00e9seaux sociaux, l\u2019identit\u00e9 visuelle doit \u00eatre reconnaissable instantan\u00e9ment. Pour cela, il est crucial d\u2019\u00e9tablir une charte graphique compl\u00e8te et de s\u2019y tenir.<\/li>\n\n\n\n<li><strong>Ne pas h\u00e9siter \u00e0 \u00e9voluer<\/strong><br>Si la coh\u00e9rence est importante, l\u2019immobilisme peut \u00eatre un frein. Les marques doivent r\u00e9guli\u00e8rement revoir leur identit\u00e9 visuelle pour rester pertinentes face aux \u00e9volutions du march\u00e9 et des attentes de leur audience.<\/li>\n<\/ol>\n\n\n\n<h3 class=\"wp-block-heading\"><\/h3>\n\n\n\n<p>En 2025, r\u00e9ussir sa communication passe par une identit\u00e9 visuelle forte, coh\u00e9rente et diff\u00e9renciante. Dans un monde o\u00f9 les consommateurs sont sans cesse sollicit\u00e9s, il devient vital de capter l\u2019attention en un instant et de rester m\u00e9morable sur le long terme. Investir dans une identit\u00e9 visuelle soign\u00e9e, c\u2019est offrir \u00e0 sa marque une pr\u00e9sence forte, une reconnaissance imm\u00e9diate et une connexion durable avec son audience.<\/p>\n\n\n\n<p><\/p>\n","protected":false},"excerpt":{"rendered":"<p>En 2025, l\u2019identit\u00e9 visuelle des marques joue un r\u00f4le plus strat\u00e9gique que jamais. Avec la mont\u00e9e en puissance des contenus digitaux, l\u2019attention des consommateurs devient une ressource rare et pr\u00e9cieuse. Face \u00e0 cet enjeu, les marques doivent imp\u00e9rativement se d\u00e9marquer en adoptant une identit\u00e9 visuelle forte, coh\u00e9rente et surtout, m\u00e9morable. Mais comment construire une image [&hellip;]<\/p>\n","protected":false},"author":1,"featured_media":5835,"comment_status":"closed","ping_status":"closed","sticky":false,"template":"","format":"standard","meta":{"om_disable_all_campaigns":false,"_monsterinsights_skip_tracking":false,"_monsterinsights_sitenote_active":false,"_monsterinsights_sitenote_note":"","_monsterinsights_sitenote_category":0,"_uf_show_specific_survey":0,"_uf_disable_surveys":false,"footnotes":""},"categories":[12],"tags":[],"class_list":["post-5834","post","type-post","status-publish","format-standard","has-post-thumbnail","hentry","category-blog"],"aioseo_notices":[],"_links":{"self":[{"href":"https:\/\/agencecommunication360.com\/index.php\/wp-json\/wp\/v2\/posts\/5834","targetHints":{"allow":["GET"]}}],"collection":[{"href":"https:\/\/agencecommunication360.com\/index.php\/wp-json\/wp\/v2\/posts"}],"about":[{"href":"https:\/\/agencecommunication360.com\/index.php\/wp-json\/wp\/v2\/types\/post"}],"author":[{"embeddable":true,"href":"https:\/\/agencecommunication360.com\/index.php\/wp-json\/wp\/v2\/users\/1"}],"replies":[{"embeddable":true,"href":"https:\/\/agencecommunication360.com\/index.php\/wp-json\/wp\/v2\/comments?post=5834"}],"version-history":[{"count":1,"href":"https:\/\/agencecommunication360.com\/index.php\/wp-json\/wp\/v2\/posts\/5834\/revisions"}],"predecessor-version":[{"id":5836,"href":"https:\/\/agencecommunication360.com\/index.php\/wp-json\/wp\/v2\/posts\/5834\/revisions\/5836"}],"wp:featuredmedia":[{"embeddable":true,"href":"https:\/\/agencecommunication360.com\/index.php\/wp-json\/wp\/v2\/media\/5835"}],"wp:attachment":[{"href":"https:\/\/agencecommunication360.com\/index.php\/wp-json\/wp\/v2\/media?parent=5834"}],"wp:term":[{"taxonomy":"category","embeddable":true,"href":"https:\/\/agencecommunication360.com\/index.php\/wp-json\/wp\/v2\/categories?post=5834"},{"taxonomy":"post_tag","embeddable":true,"href":"https:\/\/agencecommunication360.com\/index.php\/wp-json\/wp\/v2\/tags?post=5834"}],"curies":[{"name":"wp","href":"https:\/\/api.w.org\/{rel}","templated":true}]}}